{"id":963,"date":"2014-05-26T15:50:33","date_gmt":"2014-05-26T15:50:33","guid":{"rendered":"http:\/\/carandellart.com\/?p=963"},"modified":"2014-05-26T16:52:27","modified_gmt":"2014-05-26T16:52:27","slug":"plataforma-ajuntament-impulsa","status":"publish","type":"post","link":"https:\/\/carandellart.com\/?p=963&amp;lang=ca","title":{"rendered":"Plataforma Ajuntament Impulsa"},"content":{"rendered":"<p><strong>Carandell Art<\/strong> ja forma part de la xarxa d\u2019empreses de <a href=\"http:\/\/www.ajuntamentimpulsa.cat\">www.ajuntamentimpulsa.cat<\/a>, una plataforma que ajuda als ajuntaments a seleccionar els millors fabricants i prove\u00efdors de b\u00e9ns i serveis municipals perqu\u00e8 puguin decidir amb rigor les seves inversions futures a trav\u00e9s d\u2019una bona prospecci\u00f3.<\/p>\n<p>Podreu trobar informaci\u00f3 de Carandell Art a l\u2019apartat d\u2019 \u201cOci, art i cultura\u201d del llistat de prove\u00efdors: <a href=\"http:\/\/www.ajuntamentimpulsa.cat\/ca\/escultura-publica.aspx\">http:\/\/www.ajuntamentimpulsa.cat\/ca\/escultura-publica.aspx<\/a>, on podreu enlla\u00e7ar a la nostra fitxa complerta <a href=\"http:\/\/www.ajuntamentimpulsa.cat\/ca\/escultures-bronze-ferro-material-reciclat.aspx\">http:\/\/www.ajuntamentimpulsa.cat\/ca\/escultures-bronze-ferro-material-reciclat.aspx<\/a>. Tamb\u00e9, a l\u2019apartat d\u2019 ACTUALITAT han publicat la seg\u00fcent not\u00edcia: <a href=\"http:\/\/www.ajuntamentimpulsa.cat\/ca\/actualitat-ajuntament-impulsa.aspx\">http:\/\/www.ajuntamentimpulsa.cat\/ca\/actualitat-ajuntament-impulsa.aspx<\/a><\/p>\n<p>&nbsp;<\/p>\n","protected":false},"excerpt":{"rendered":"<p>Carandell Art ja forma part de la xarxa d\u2019empreses de www.ajuntamentimpulsa.cat, una plataforma que ajuda als ajuntaments a seleccionar els millors fabricants i prove\u00efdors de b\u00e9ns i serveis municipals perqu\u00e8 puguin decidir amb rigor les seves inversions futures a trav\u00e9s d\u2019una bona prospecci\u00f3. Podreu trobar informaci\u00f3 de Carandell Art a l\u2019apartat d\u2019 \u201cOci, art i cultura\u201d del llistat de prove\u00efdors: http:\/\/www.ajuntamentimpulsa.cat\/ca\/escultura-publica.aspx, on podreu enlla\u00e7ar a la nostra fitxa complerta http:\/\/www.ajuntamentimpulsa.cat\/ca\/escultures-bronze-ferro-material-reciclat.aspx. Tamb\u00e9, a l\u2019apartat d\u2019 ACTUALITAT han publicat la seg\u00fcent not\u00edcia:&#8230;<\/p>\n","protected":false},"author":1,"featured_media":967,"comment_status":"open","ping_status":"open","sticky":false,"template":"","format":"standard","meta":[],"categories":[],"tags":[],"_links":{"self":[{"href":"https:\/\/carandellart.com\/index.php?rest_route=\/wp\/v2\/posts\/963"}],"collection":[{"href":"https:\/\/carandellart.com\/index.php?rest_route=\/wp\/v2\/posts"}],"about":[{"href":"https:\/\/carandellart.com\/index.php?rest_route=\/wp\/v2\/types\/post"}],"author":[{"embeddable":true,"href":"https:\/\/carandellart.com\/index.php?rest_route=\/wp\/v2\/users\/1"}],"replies":[{"embeddable":true,"href":"https:\/\/carandellart.com\/index.php?rest_route=%2Fwp%2Fv2%2Fcomments&post=963"}],"version-history":[{"count":3,"href":"https:\/\/carandellart.com\/index.php?rest_route=\/wp\/v2\/posts\/963\/revisions"}],"predecessor-version":[{"id":966,"href":"https:\/\/carandellart.com\/index.php?rest_route=\/wp\/v2\/posts\/963\/revisions\/966"}],"wp:featuredmedia":[{"embeddable":true,"href":"https:\/\/carandellart.com\/index.php?rest_route=\/wp\/v2\/media\/967"}],"wp:attachment":[{"href":"https:\/\/carandellart.com\/index.php?rest_route=%2Fwp%2Fv2%2Fmedia&parent=963"}],"wp:term":[{"taxonomy":"category","embeddable":true,"href":"https:\/\/carandellart.com\/index.php?rest_route=%2Fwp%2Fv2%2Fcategories&post=963"},{"taxonomy":"post_tag","embeddable":true,"href":"https:\/\/carandellart.com\/index.php?rest_route=%2Fwp%2Fv2%2Ftags&post=963"}],"curies":[{"name":"wp","href":"https:\/\/api.w.org\/{rel}","templated":true}]}}